{"id":1126,"date":"2019-11-04T12:16:38","date_gmt":"2019-11-04T12:16:38","guid":{"rendered":"https:\/\/www.rysie.hmcloud.pl\/index.php\/2019\/11\/04\/odnaleziono-martwego-rysia\/"},"modified":"2019-11-04T12:16:38","modified_gmt":"2019-11-04T12:16:38","slug":"odnaleziono-martwego-rysia","status":"publish","type":"post","link":"https:\/\/rysie.org\/en\/odnaleziono-martwego-rysia\/","title":{"rendered":"Odnaleziono martwego rysia"},"content":{"rendered":"<p>Niestety, w\u00a0dniu wczorajszym (5.08.2019) ok. godz. 10 otrzymali\u015bmy zg\u0142oszenie od Nadle\u015bnictwa Dobrzany, \u017ce w sobot\u0119 (3.08) odnaleziono, w okolicach Chociwla na torach kolejowych, martwego rysia. Zwierz\u0119 odnale\u017ali cz\u0142onkowie Stowarzyszenia \u201eBatalion\u201d. W dniu 5.08 oko\u0142o godziny 12 odby\u0142a si\u0119 wizja lokalna z udzia\u0142em policji. Rysia przekazano do przeprowadzenia sekcji, kt\u00f3ra odby\u0142a si\u0119 oko\u0142o godz. 18.00. Wyniki zostan\u0105 opisane w specjalnym protokole, na dzie\u0144 dzisiejszy mo\u017cna stwierdzi\u0107, \u017ce ry\u015b nie pad\u0142 z powodu choroby, natomiast wiele innych zmian wskazuje, \u017ce \u015bmier\u0107 nie by\u0142a naturalna. Na obecnym etapie nie jeste\u015bmy w stanie poda\u0107 jednoznacznie przyczyny zgonu- cia\u0142o rysia odnaleziono w stanie zaawansowanego rozk\u0142adu. Dalsze badania trwaj\u0105.<\/p>","protected":false},"excerpt":{"rendered":"<p>Niestety, w\u00a0dniu wczorajszym (5.08.2019) ok. godz. 10 otrzymali\u015bmy zg\u0142oszenie od Nadle\u015bnictwa Dobrzany, \u017ce w sobot\u0119 (3.08) odnaleziono, w okolicach Chociwla na torach kolejowych, martwego rysia. Zwierz\u0119 odnale\u017ali cz\u0142onkowie Stowarzyszenia \u201eBatalion\u201d. W dniu 5.08 oko\u0142o godziny 12 odby\u0142a si\u0119 wizja lokalna z udzia\u0142em policji. Rysia przekazano do przeprowadzenia sekcji, kt\u00f3ra odby\u0142a si\u0119 oko\u0142o godz. 18.00. Wyniki [&hellip;]<\/p>\n","protected":false},"author":1,"featured_media":0,"comment_status":"open","ping_status":"open","sticky":false,"template":"","format":"standard","meta":{"_uag_custom_page_level_css":"","footnotes":""},"categories":[11],"tags":[],"class_list":["post-1126","post","type-post","status-publish","format-standard","hentry","category-artykuly"],"gutentor_comment":0,"pbg_featured_image_src":{"full":false,"thumbnail":false,"medium":false,"medium_large":false,"large":false,"1536x1536":false,"2048x2048":false,"trp-custom-language-flag":false},"pbg_author_info":{"display_name":"admin","author_link":"https:\/\/rysie.org\/en\/author\/admin\/","author_img":"<img alt='admin' src='https:\/\/secure.gravatar.com\/avatar\/f0d26f69fdd44a7b58185b0c4cc78702?s=128&#038;d=mm&#038;r=g' srcset='https:\/\/secure.gravatar.com\/avatar\/f0d26f69fdd44a7b58185b0c4cc78702?s=256&#038;d=mm&#038;r=g 2x' class='avatar avatar-128 photo' height='128' width='128' loading='lazy' decoding='async'\/>"},"pbg_comment_info":" No Comments","pbg_excerpt":"Niestety, w\u00a0dniu wczorajszym (5.08.2019) ok. godz. 10 otrzymali\u015bmy zg\u0142oszenie od Nadle\u015bnictwa Dobrzany, \u017ce w sobot\u0119 (3.08) odnaleziono, w okolicach Chociwla na torach kolejowych, martwego rysia. Zwierz\u0119 odnale\u017ali cz\u0142onkowie Stowarzyszenia \u201eBatalion\u201d. W dniu 5.08 oko\u0142o godziny 12 odby\u0142a si\u0119 wizja lokalna z udzia\u0142em policji. Rysia przekazano do przeprowadzenia sekcji, kt\u00f3ra odby\u0142a si\u0119 oko\u0142o godz. 18.00. Wyniki&hellip;","uagb_featured_image_src":{"full":false,"thumbnail":false,"medium":false,"medium_large":false,"large":false,"1536x1536":false,"2048x2048":false,"trp-custom-language-flag":false},"uagb_author_info":{"display_name":"admin","author_link":"https:\/\/rysie.org\/en\/author\/admin\/"},"uagb_comment_info":0,"uagb_excerpt":"Niestety, w\u00a0dniu wczorajszym (5.08.2019) ok. godz. 10 otrzymali\u015bmy zg\u0142oszenie od Nadle\u015bnictwa Dobrzany, \u017ce w sobot\u0119 (3.08) odnaleziono, w okolicach Chociwla na torach kolejowych, martwego rysia. Zwierz\u0119 odnale\u017ali cz\u0142onkowie Stowarzyszenia \u201eBatalion\u201d. W dniu 5.08 oko\u0142o godziny 12 odby\u0142a si\u0119 wizja lokalna z udzia\u0142em policji. Rysia przekazano do przeprowadzenia sekcji, kt\u00f3ra odby\u0142a si\u0119 oko\u0142o godz. 18.00. Wyniki&hellip;","_links":{"self":[{"href":"https:\/\/rysie.org\/en\/wp-json\/wp\/v2\/posts\/1126","targetHints":{"allow":["GET"]}}],"collection":[{"href":"https:\/\/rysie.org\/en\/wp-json\/wp\/v2\/posts"}],"about":[{"href":"https:\/\/rysie.org\/en\/wp-json\/wp\/v2\/types\/post"}],"author":[{"embeddable":true,"href":"https:\/\/rysie.org\/en\/wp-json\/wp\/v2\/users\/1"}],"replies":[{"embeddable":true,"href":"https:\/\/rysie.org\/en\/wp-json\/wp\/v2\/comments?post=1126"}],"version-history":[{"count":0,"href":"https:\/\/rysie.org\/en\/wp-json\/wp\/v2\/posts\/1126\/revisions"}],"wp:attachment":[{"href":"https:\/\/rysie.org\/en\/wp-json\/wp\/v2\/media?parent=1126"}],"wp:term":[{"taxonomy":"category","embeddable":true,"href":"https:\/\/rysie.org\/en\/wp-json\/wp\/v2\/categories?post=1126"},{"taxonomy":"post_tag","embeddable":true,"href":"https:\/\/rysie.org\/en\/wp-json\/wp\/v2\/tags?post=1126"}],"curies":[{"name":"wp","href":"https:\/\/api.w.org\/{rel}","templated":true}]}}