{"id":2521,"date":"2025-12-10T08:22:19","date_gmt":"2025-12-10T08:22:19","guid":{"rendered":"https:\/\/rysie.org\/?p=2521"},"modified":"2025-12-10T08:37:02","modified_gmt":"2025-12-10T08:37:02","slug":"otwarcie-osrodka-rehabilitacyjnego-w-spychowie-i-spotkanie-ekspertow-ds-ochrony-rysi","status":"publish","type":"post","link":"https:\/\/rysie.org\/en\/otwarcie-osrodka-rehabilitacyjnego-w-spychowie-i-spotkanie-ekspertow-ds-ochrony-rysi\/","title":{"rendered":"Otwarcie o\u015brodka rehabilitacyjnego w Spychowie i spotkanie ekspert\u00f3w ds. ochrony rysi"},"content":{"rendered":"<figure class=\"wp-block-premium-image premium-image  premium-image-f89de12604cd\"><div class=\"premium-image-container\"><div class=\"premium-image-wrap premium-image-wrap-none\"><img loading=\"lazy\" decoding=\"async\" src=\"https:\/\/rysie.org\/wp-content\/uploads\/2025\/12\/Zjazd-w-Spychowie_IP-header-1024x538.jpg\" alt=\"\" class=\"pbg-image-2522 wp-image-2522\" width=\"1024\" height=\"538\" srcset=\"https:\/\/rysie.org\/wp-content\/uploads\/2025\/12\/Zjazd-w-Spychowie_IP-header-1024x538.jpg 1024w, https:\/\/rysie.org\/wp-content\/uploads\/2025\/12\/Zjazd-w-Spychowie_IP-header-300x158.jpg 300w, https:\/\/rysie.org\/wp-content\/uploads\/2025\/12\/Zjazd-w-Spychowie_IP-header-768x403.jpg 768w, https:\/\/rysie.org\/wp-content\/uploads\/2025\/12\/Zjazd-w-Spychowie_IP-header-18x9.jpg 18w, https:\/\/rysie.org\/wp-content\/uploads\/2025\/12\/Zjazd-w-Spychowie_IP-header.jpg 1200w\" sizes=\"(max-width: 1024px) 100vw, 1024px\" \/><\/div><\/div><\/figure>\n\n\n\n<p>Uroczyste otwarcie o\u015brodka rehabilitacyjnego, od lewej Wojciech Matuszczak z RDLP Olsztyn, Stefan Jakimiuk z WWF Polska, Krzysztof Krasula z Nadle\u015bnictwa Spychowo, Patrycja Zas\u0119pa z MKi\u015a, Maciej Tracz z Zachodniopomorskiego Towarzystwa Przyrodniczego fot. Piotr Mierzejewski<\/p>\n\n\n\n<p><strong>4 grudnia 2025 roku na terenie Nadle\u015bnictwa Spychowo odby\u0142o si\u0119 uroczyste otwarcie o\u015brodka rehabilitacji rysi \u2013 m.in. z udzia\u0142em przedstawicieli organ\u00f3w pa\u0144stwowych (MKi\u015a, GDO\u015a), le\u015bnik\u00f3w, naukowc\u00f3w, samorz\u0105dowc\u00f3w, NGO i dziennikarzy. Dla tych ostatnich przygotowano te\u017c studyjny wyjazd terenowy. Tego samego dnia w Nadle\u015bnictwie Fundacja WWF Polska przeprowadzi\u0142a warsztaty dt. strategii ochrony rysia, a 5 grudnia mia\u0142a miejsce konferencja, podczas kt\u00f3rej eksperci om\u00f3wili sposoby monitorowania i liczenia tych drapie\u017cnik\u00f3w. Przedstawiono te\u017c efekty dzia\u0142a\u0144 w unijnym projekcie Life \u2013 &#8222;Rozszerzenie zasi\u0119gu populacji rysia w p\u00f3\u0142nocnej Polsce&#8221;, w ramach kt\u00f3rego odby\u0142o si\u0119 to dwudniowe wydarzenie.<\/strong><\/p>\n\n\n\n<p>Projekt ma na celu stworzenie warunk\u00f3w do obudowy historycznego zasi\u0119gu wyst\u0119powania rysi w p\u00f3\u0142nocnej Polsce<strong> \u2013 obecnie drapie\u017cniki te wyst\u0119puj\u0105 w izolowanych populacjach w Zachodniopomorskiem, na Mazurach i Podlasiu.<\/strong> Wymagaj\u0105 ochrony czynnej, gdy\u017c wsp\u00f3\u0142czesny \u015bwiat jest dla nich pe\u0142en zagro\u017ce\u0144 i ogranicze\u0144. <strong>Padaj\u0105 ofiarami kolizji na drogach, dziesi\u0105tkuj\u0105 je gro\u017ane choroby i k\u0142usownictwo.<\/strong> Maj\u0105 trudno\u015bci, by swobodnie si\u0119 przemieszcza\u0107 i przekazywa\u0107 geny w zwi\u0105zku z <strong>post\u0119puj\u0105c\u0105 kolonizacj\u0105 i rozbudow\u0105 dr\u00f3g<\/strong>. Na kondycji rysi z Podlasia pi\u0119tno odcisn\u0119\u0142a te\u017c <strong>zapora na granicy z Bia\u0142orusi\u0105<\/strong>.<\/p>\n\n\n\n<p><strong>O\u015brodek w Spychowie<\/strong><\/p>\n\n\n\n<p>By wzmacnia\u0107 obecnie istniej\u0105ce populacje rysi na p\u00f3\u0142nocy kraju, <strong>wypuszcza si\u0119 na wolno\u015b\u0107 kolejne osobniki<\/strong> \u2013 pozyskane z hodowli i innych kraj\u00f3w. <strong>Zachodniopomorskie Towarzystwo Przyrodnicze (ZTP) z powodzeniem realizuje takie dzia\u0142ania na Pomorzu Zachodnim<\/strong>, gdzie wsp\u00f3lnie z partnerami <strong>wypu\u015bci\u0142o ponad 100 osobnik\u00f3w w ci\u0105gu ostatnich 6 lat<\/strong>. Organizacja opiekuje si\u0119 te\u017c rysiami chorymi, m.in. na gro\u017any \u015bwierzb i przygotowuje je do powrotu na wolno\u015b\u0107 w o\u015brodku rehabilitacji w Jab\u0142onowie. By r\u00f3wnie skutecznie realizowa\u0107 dzia\u0142ania reintrodukcyjne na Mazurach i Podlasiu, <strong>zaistnia\u0142a potrzeba zbudowania podobnego o\u015brodka rehabilitacyjnego na wschodzie kraju<\/strong>. W ramach obecnie realizowanego projektu <strong>Life takiego zadania podj\u0119\u0142o si\u0119 Nadle\u015bnictwo Spychowo na terenie Szk\u00f3\u0142ki Le\u015bnej Piasutno.<\/strong> O\u015brodek w\u0142a\u015bnie zosta\u0142 otwarty i cho\u0107 \u017cadnemu rysiowi przyrodnicy nie \u017cycz\u0105 konieczno\u015bci pobytu w takim miejscu, od teraz zwierz\u0119ta mog\u0105 liczy\u0107 na opiek\u0119 rehabilitacyjn\u0105 na Mazurach.<\/p>\n\n\n\n<figure class=\"wp-block-premium-image premium-image  premium-image-32279754dbe3\"><div class=\"premium-image-container\"><div class=\"premium-image-wrap premium-image-wrap-none\"><img loading=\"lazy\" decoding=\"async\" src=\"https:\/\/rysie.org\/wp-content\/uploads\/2025\/12\/Zjazd-w-Spychowie_zjdecie2-1024x683.jpg\" alt=\"\" class=\"pbg-image-2523 wp-image-2523\" width=\"1024\" height=\"683\" srcset=\"https:\/\/rysie.org\/wp-content\/uploads\/2025\/12\/Zjazd-w-Spychowie_zjdecie2-1024x683.jpg 1024w, https:\/\/rysie.org\/wp-content\/uploads\/2025\/12\/Zjazd-w-Spychowie_zjdecie2-300x200.jpg 300w, https:\/\/rysie.org\/wp-content\/uploads\/2025\/12\/Zjazd-w-Spychowie_zjdecie2-768x512.jpg 768w, https:\/\/rysie.org\/wp-content\/uploads\/2025\/12\/Zjazd-w-Spychowie_zjdecie2-18x12.jpg 18w, https:\/\/rysie.org\/wp-content\/uploads\/2025\/12\/Zjazd-w-Spychowie_zjdecie2.jpg 1200w\" sizes=\"(max-width: 1024px) 100vw, 1024px\" \/><\/div><\/div><\/figure>\n\n\n\n<p>O\u015brodek rehabilitacji pod Spychowem gotowy na przyj\u0119cie rysi, kt\u00f3re potrzebuj\u0105 pomocy fot. Piotr Mierzejewski<\/p>\n\n\n\n<figure class=\"wp-block-premium-image premium-image  premium-image-c0af288515d2\"><div class=\"premium-image-container\"><div class=\"premium-image-wrap premium-image-wrap-none\"><img loading=\"lazy\" decoding=\"async\" src=\"https:\/\/rysie.org\/wp-content\/uploads\/2025\/12\/Zjazd-w-Spychowie_zjdecie3-1024x683.jpg\" alt=\"\" class=\"pbg-image-2524 wp-image-2524\" width=\"1024\" height=\"683\" srcset=\"https:\/\/rysie.org\/wp-content\/uploads\/2025\/12\/Zjazd-w-Spychowie_zjdecie3-1024x683.jpg 1024w, https:\/\/rysie.org\/wp-content\/uploads\/2025\/12\/Zjazd-w-Spychowie_zjdecie3-300x200.jpg 300w, https:\/\/rysie.org\/wp-content\/uploads\/2025\/12\/Zjazd-w-Spychowie_zjdecie3-768x512.jpg 768w, https:\/\/rysie.org\/wp-content\/uploads\/2025\/12\/Zjazd-w-Spychowie_zjdecie3-18x12.jpg 18w, https:\/\/rysie.org\/wp-content\/uploads\/2025\/12\/Zjazd-w-Spychowie_zjdecie3.jpg 1200w\" sizes=\"(max-width: 1024px) 100vw, 1024px\" \/><\/div><\/div><\/figure>\n\n\n\n<p>O\u015brodek rehabilitacji rysi pod Spychowem po\u0142o\u017cony jest w malowniczej scenerii fot. Adrian P\u00f3\u0142rolniczak<\/p>\n\n\n\n<p><strong>Warsztaty nt. strategii ochrony rysia<\/strong><\/p>\n\n\n\n<p>Otwarcie o\u015brodka by\u0142o \u015bwietn\u0105 okazj\u0105, by obecni na wydarzeniu naukowcy, przyrodnicy, przedstawiciele instytucji pa\u0144stwowych i samorz\u0105dowych mogli przeprowadzi\u0107 szereg dyskusji o przysz\u0142o\u015bci ochrony rysia w Polsce. <strong>Fundacja WWF Polska zorganizowa\u0142a w tym celu warsztaty na temat potrzeby powstania strategii ochrony rysia<\/strong> \u2013 dokumentu, kt\u00f3ry w przysz\u0142o\u015bci m\u00f3g\u0142by usystematyzowa\u0107 i uregulowa\u0107 ochron\u0119 tego drapie\u017cnika.<\/p>\n\n\n\n<p>Profesor Krzysztof Schmidt z Instytutu Biologii Ssak\u00f3w PAN zreferowa\u0142 uczestnikom spotkania historyczne podwaliny pod przysz\u0142\u0105 strategi\u0119. Przypomnia\u0142 <strong>o powsta\u0142ym w 2011 roku \u201eProgramie ochrony rysia w Polsce\u201d, kt\u00f3ry nigdy nie zosta\u0142 wdro\u017cony<\/strong>. Beata Piwowarska z Generalnej Dyrekcji Ochrony \u015arodowiska przedstawi\u0142a z kolei <strong>wyzwania i wymagania prawne, z jakimi trzeba si\u0119 zmierzy\u0107 podczas wdra\u017cania program\u00f3w ochrony zagro\u017conych gatunk\u00f3w<\/strong>.<\/p>\n\n\n\n<p>Podczas panelu dyskusyjnego zgromadzeni dyskutowali na temat aktualno\u015bci \u201eProgramu ochrony rysia w Polsce\u201d z 2011 roku. Maciej Tracz z ZTP zwr\u00f3ci\u0142 uwag\u0119, \u017ce przez ostatnie 15 lat infrastruktura drogowa si\u0119 zmieni\u0142a \u2013 poprawi\u0142a z perspektywy cz\u0142owieka, <strong>ekspres\u00f3wek przyby\u0142o, ale s\u0105 one powa\u017cnymi barierami ekologicznymi<\/strong>. Stefan Jakimiuk z WWF z kolei podkre\u015bli\u0142 <strong>problem powstaj\u0105cych osiedli na pograniczu lasu i p\u00f3l<\/strong>, w tzw. strefach ekotonowych, na kt\u00f3rych bytuj\u0105 zar\u00f3wno przez rysie jak i ich ofiary. Wszyscy eksperci zgodzili si\u0119 jednak, \u017ce tworzenie korytarzy ekologicznych, kt\u00f3re pozwalaj\u0105 zwierz\u0119tom na migracj\u0119, jest niezb\u0119dne do odbudowy populacji rysia w p\u00f3\u0142nocnej Polsce.<\/p>\n\n\n\n<figure class=\"wp-block-premium-image premium-image  premium-image-2a3c0a5799b9\"><div class=\"premium-image-container\"><div class=\"premium-image-wrap premium-image-wrap-none\"><img loading=\"lazy\" decoding=\"async\" src=\"https:\/\/rysie.org\/wp-content\/uploads\/2025\/12\/Zjazd-w-Spychowie_zjdecie1-1024x683.jpg\" alt=\"\" class=\"pbg-image-2526 wp-image-2526\" width=\"1024\" height=\"683\" srcset=\"https:\/\/rysie.org\/wp-content\/uploads\/2025\/12\/Zjazd-w-Spychowie_zjdecie1-1024x683.jpg 1024w, https:\/\/rysie.org\/wp-content\/uploads\/2025\/12\/Zjazd-w-Spychowie_zjdecie1-300x200.jpg 300w, https:\/\/rysie.org\/wp-content\/uploads\/2025\/12\/Zjazd-w-Spychowie_zjdecie1-768x512.jpg 768w, https:\/\/rysie.org\/wp-content\/uploads\/2025\/12\/Zjazd-w-Spychowie_zjdecie1-18x12.jpg 18w, https:\/\/rysie.org\/wp-content\/uploads\/2025\/12\/Zjazd-w-Spychowie_zjdecie1.jpg 1200w\" sizes=\"(max-width: 1024px) 100vw, 1024px\" \/><\/div><\/div><\/figure>\n\n\n\n<p>Dyskusja podczas warsztat\u00f3w zaanga\u017cowa\u0142a wielu ekspert\u00f3w fot. Piotr Mierzejewski<\/p>\n\n\n\n<p><strong>Konferencja projektu &#8222;Rozszerzenie zasi\u0119gu populacji rysia w p\u00f3\u0142nocnej Polsce&#8221;<\/strong><\/p>\n\n\n\n<p>Podczas konferencji w Spychowie, odbywaj\u0105cej si\u0119 nast\u0119pnego dnia, eksperci podsumowali kolejny rok projektu <strong>101114131 \u2014 LIFE22-NAT-PL-LIFE LYNX PL LT DE \u201eExpanding the range of the lynx population in northern Poland<\/strong>. Malwina Kujawa-Strejk z ZTP zrelacjonowa\u0142a m.in. dzia\u0142ania terenowe i wysi\u0142ki swojej organizacji na rzecz pozyskania nowych rysi do reintrodukcji. Przedstawiono te\u017c efekty dzia\u0142a\u0144 informacyjno-edukacyjnych, za kt\u00f3re odpowiedzialno\u015b\u0107 w projekcie spoczywa na Fundacji WWF Polska i partnerach z Litwy (Stowarzyszenie Centrum Ochrony Ekosystem\u00f3w) i Niemiec (Rewilding Oder Delta i Niemiec).<\/p>\n\n\n\n<p>Naukowcy i przyrodnicy podj\u0119li te\u017c pr\u00f3b\u0119 oceny stanu zachowania populacji rysia w Polsce, korzystaj\u0105c z r\u00f3\u017cnego rodzaju metod badawczych. Maciej Tracz z ZTP przedstawi\u0142 <strong>znaczenie i skuteczno\u015b\u0107 obro\u017cy telemetrycznych<\/strong> w monitorowaniu takich zwierz\u0105t jak rysie. Profesor dr hab. Miros\u0142aw Ratkiewicz z Wydzia\u0142u Biologii Uniwersytetu w Bia\u0142ymstoku opowiedzia\u0142 o <strong>badaniach genetycznych jako niezb\u0119dnym elemencie procesu reintrodukcyjnego i monitoringowego<\/strong>. Dr hab. Tomasz Borowik z Instytutu Biologii Ssak\u00f3w przedstawi\u0142 <strong>rezultaty monitoringu fotopu\u0142apkowego rysi w podlaskich puszczach<\/strong>, a Stefan Jakimiuk z WWF opowiedzia\u0142 o podobnych <strong>wynikach monitoringu na Mazurach<\/strong>.<\/p>\n\n\n\n<figure class=\"wp-block-premium-image premium-image  premium-image-bb173551490f\"><div class=\"premium-image-container\"><div class=\"premium-image-wrap premium-image-wrap-none\"><img loading=\"lazy\" decoding=\"async\" src=\"https:\/\/rysie.org\/wp-content\/uploads\/2025\/12\/Zjazd-w-Spychowie_zjdecie4-1-1024x683.jpg\" alt=\"\" class=\"pbg-image-2527 wp-image-2527\" width=\"1024\" height=\"683\" srcset=\"https:\/\/rysie.org\/wp-content\/uploads\/2025\/12\/Zjazd-w-Spychowie_zjdecie4-1-1024x683.jpg 1024w, https:\/\/rysie.org\/wp-content\/uploads\/2025\/12\/Zjazd-w-Spychowie_zjdecie4-1-300x200.jpg 300w, https:\/\/rysie.org\/wp-content\/uploads\/2025\/12\/Zjazd-w-Spychowie_zjdecie4-1-768x512.jpg 768w, https:\/\/rysie.org\/wp-content\/uploads\/2025\/12\/Zjazd-w-Spychowie_zjdecie4-1-18x12.jpg 18w, https:\/\/rysie.org\/wp-content\/uploads\/2025\/12\/Zjazd-w-Spychowie_zjdecie4-1.jpg 1200w\" sizes=\"(max-width: 1024px) 100vw, 1024px\" \/><\/div><\/div><\/figure>\n\n\n\n<p>Dr hab. Tomasz Borowik podczas swojego wyst\u0105pienia na konferencji w Spychowie fot. Piotr Kalata<\/p>\n\n\n\n<p>Na koniec konferencji prof. Krzysztof Schmidt z IBS PAN przedstawi\u0142 <strong>metodologi\u0119 oceny stanu zachowania populacji rysia w Polsce, <\/strong>przygotowywane dla G\u0142\u00f3wnego Inspektoratu Ochrony \u015arodowiska, a dr Wojciech \u015amietana z Fundacji Przyroda i Nauka <strong>przywo\u0142a\u0142 inne historyczne badania dotycz\u0105ce liczebno\u015bci rysia w Polsce i por\u00f3wna\u0142 je z przeprowadzonymi w ramach Pa\u0144stwowego Monitoringu \u015arodowiska<\/strong>.<\/p>\n\n\n\n<p>***<\/p>\n\n\n\n<p>Projekt 101114131 \u2014 LIFE22-NAT-PL-LIFE LYNX PL LT DE \u201eExpanding the range of the lynx population in northern Poland\u201d, w ramach kt\u00f3rego odby\u0142o si\u0119 wydarzenie w Spychowie, ma na celu odtworzenie historycznego zasi\u0119gu metapopulacji rysi ba\u0142tyckich w Europie \u015arodkowej, stworzenie warunk\u00f3w do efektywnej dyspersji i przep\u0142ywu gen\u00f3w w metapopulacji rysi ba\u0142tyckich w Polsce oraz na Litwie, a ponadto umo\u017cliwienie naturalnego powrotu rysi tak\u017ce na niziny p\u00f3\u0142nocno-wschodnich Niemiec.<\/p>\n\n\n\n<p>Organizacje realizuj\u0105ce projekt stawiaj\u0105 sobie r\u00f3wnie\u017c za cel utrzymanie spo\u0142ecznej akceptacji dla statusu ochronnego rysia w Polsce, na Litwie i w Niemczech oraz uzyskanie wsparcia dla strategii ochrony i zarz\u0105dzania ba\u0142tyck\u0105 populacj\u0105 tego gatunku w Polsce, opracowanej we wsp\u00f3\u0142pracy z kluczowymi interesariuszami i partnerami z zagranicy.<\/p>\n\n\n\n<p>Projekt, kt\u00f3ry zosta\u0142 dofinansowany przez Uni\u0119 Europejsk\u0105 oraz Narodowy Fundusz Ochrony \u015arodowiska i Gospodarki Wodnej, realizowany jest przez: Zachodniopomorskie Towarzystwo Przyrodnicze (beneficjent koordynuj\u0105cy, realizuj\u0105cy ponowne wprowadzenie rysi w p\u00f3\u0142nocnej Polsce), Nadle\u015bnictwo Spychowo, Stowarzyszenie Centrum Ochrony Ekosystem\u00f3w (Litwa), Rewilding Oder Delta (Niemcy) oraz Fundacj\u0119 WWF Polska, kt\u00f3ra w tym roku do\u0142\u0105czy\u0142a do projektu.<\/p>\n\n\n\n<figure class=\"wp-block-image aligncenter size-full\"><img loading=\"lazy\" decoding=\"async\" width=\"945\" height=\"276\" src=\"https:\/\/rysie.org\/wp-content\/uploads\/2025\/12\/obraz.png\" alt=\"\" class=\"wp-image-2528\" srcset=\"https:\/\/rysie.org\/wp-content\/uploads\/2025\/12\/obraz.png 945w, https:\/\/rysie.org\/wp-content\/uploads\/2025\/12\/obraz-300x88.png 300w, https:\/\/rysie.org\/wp-content\/uploads\/2025\/12\/obraz-768x224.png 768w, https:\/\/rysie.org\/wp-content\/uploads\/2025\/12\/obraz-18x5.png 18w\" sizes=\"(max-width: 945px) 100vw, 945px\" \/><\/figure>","protected":false},"excerpt":{"rendered":"<p>Uroczyste otwarcie o\u015brodka rehabilitacyjnego, od lewej Wojciech Matuszczak z RDLP Olsztyn, Stefan Jakimiuk z WWF Polska, Krzysztof Krasula z Nadle\u015bnictwa Spychowo, Patrycja Zas\u0119pa z MKi\u015a, Maciej Tracz z Zachodniopomorskiego Towarzystwa Przyrodniczego fot. Piotr Mierzejewski 4 grudnia 2025 roku na terenie Nadle\u015bnictwa Spychowo odby\u0142o si\u0119 uroczyste otwarcie o\u015brodka rehabilitacji rysi \u2013 m.in. z udzia\u0142em przedstawicieli organ\u00f3w [&hellip;]<\/p>\n","protected":false},"author":2,"featured_media":0,"comment_status":"closed","ping_status":"open","sticky":false,"template":"","format":"standard","meta":{"_uag_custom_page_level_css":"","footnotes":""},"categories":[11],"tags":[],"class_list":["post-2521","post","type-post","status-publish","format-standard","hentry","category-artykuly"],"gutentor_comment":1,"pbg_featured_image_src":{"full":false,"thumbnail":false,"medium":false,"medium_large":false,"large":false,"1536x1536":false,"2048x2048":false,"trp-custom-language-flag":false},"pbg_author_info":{"display_name":"Roksana Bary\u0142o","author_link":"https:\/\/rysie.org\/en\/author\/roksana\/","author_img":"<img alt='Roksana Bary\u0142o' src='https:\/\/secure.gravatar.com\/avatar\/bc49c452f3b00375672e0405c0b35d3f?s=128&#038;d=mm&#038;r=g' srcset='https:\/\/secure.gravatar.com\/avatar\/bc49c452f3b00375672e0405c0b35d3f?s=256&#038;d=mm&#038;r=g 2x' class='avatar avatar-128 photo' height='128' width='128' loading='lazy' decoding='async'\/>"},"pbg_comment_info":"1 comment","pbg_excerpt":"Uroczyste otwarcie o\u015brodka rehabilitacyjnego, od lewej Wojciech Matuszczak z RDLP Olsztyn, Stefan Jakimiuk z WWF Polska, Krzysztof Krasula z Nadle\u015bnictwa Spychowo, Patrycja Zas\u0119pa z MKi\u015a, Maciej Tracz z Zachodniopomorskiego Towarzystwa Przyrodniczego fot. Piotr Mierzejewski 4 grudnia 2025 roku na terenie Nadle\u015bnictwa Spychowo odby\u0142o si\u0119 uroczyste otwarcie o\u015brodka rehabilitacji rysi \u2013 m.in. z udzia\u0142em przedstawicieli organ\u00f3w&hellip;","uagb_featured_image_src":{"full":false,"thumbnail":false,"medium":false,"medium_large":false,"large":false,"1536x1536":false,"2048x2048":false,"trp-custom-language-flag":false},"uagb_author_info":{"display_name":"Roksana Bary\u0142o","author_link":"https:\/\/rysie.org\/en\/author\/roksana\/"},"uagb_comment_info":1,"uagb_excerpt":"Uroczyste otwarcie o\u015brodka rehabilitacyjnego, od lewej Wojciech Matuszczak z RDLP Olsztyn, Stefan Jakimiuk z WWF Polska, Krzysztof Krasula z Nadle\u015bnictwa Spychowo, Patrycja Zas\u0119pa z MKi\u015a, Maciej Tracz z Zachodniopomorskiego Towarzystwa Przyrodniczego fot. Piotr Mierzejewski 4 grudnia 2025 roku na terenie Nadle\u015bnictwa Spychowo odby\u0142o si\u0119 uroczyste otwarcie o\u015brodka rehabilitacji rysi \u2013 m.in. z udzia\u0142em przedstawicieli organ\u00f3w&hellip;","_links":{"self":[{"href":"https:\/\/rysie.org\/en\/wp-json\/wp\/v2\/posts\/2521","targetHints":{"allow":["GET"]}}],"collection":[{"href":"https:\/\/rysie.org\/en\/wp-json\/wp\/v2\/posts"}],"about":[{"href":"https:\/\/rysie.org\/en\/wp-json\/wp\/v2\/types\/post"}],"author":[{"embeddable":true,"href":"https:\/\/rysie.org\/en\/wp-json\/wp\/v2\/users\/2"}],"replies":[{"embeddable":true,"href":"https:\/\/rysie.org\/en\/wp-json\/wp\/v2\/comments?post=2521"}],"version-history":[{"count":3,"href":"https:\/\/rysie.org\/en\/wp-json\/wp\/v2\/posts\/2521\/revisions"}],"predecessor-version":[{"id":2531,"href":"https:\/\/rysie.org\/en\/wp-json\/wp\/v2\/posts\/2521\/revisions\/2531"}],"wp:attachment":[{"href":"https:\/\/rysie.org\/en\/wp-json\/wp\/v2\/media?parent=2521"}],"wp:term":[{"taxonomy":"category","embeddable":true,"href":"https:\/\/rysie.org\/en\/wp-json\/wp\/v2\/categories?post=2521"},{"taxonomy":"post_tag","embeddable":true,"href":"https:\/\/rysie.org\/en\/wp-json\/wp\/v2\/tags?post=2521"}],"curies":[{"name":"wp","href":"https:\/\/api.w.org\/{rel}","templated":true}]}}