{"id":2589,"date":"2026-04-29T08:25:30","date_gmt":"2026-04-29T08:25:30","guid":{"rendered":"https:\/\/rysie.org\/?p=2589"},"modified":"2026-04-29T08:25:30","modified_gmt":"2026-04-29T08:25:30","slug":"tydzien-obfitujacy-w-spotkania-i-dyskusje-o-bezpieczenstwie-rysi-w-polnocnej-polsce","status":"publish","type":"post","link":"https:\/\/rysie.org\/en\/tydzien-obfitujacy-w-spotkania-i-dyskusje-o-bezpieczenstwie-rysi-w-polnocnej-polsce\/","title":{"rendered":"Tydzie\u0144 obfituj\u0105cy w spotkania i dyskusje o bezpiecze\u0144stwie rysi w p\u00f3\u0142nocnej Polsce"},"content":{"rendered":"<p><strong>14 kwietnia 2026 roku Zachodniopomorskie Towarzystwo Przyrodnicze (ZTP) przeprowadzi\u0142o w Jab\u0142onowie warsztaty dla s\u0142u\u017cb mundurowych, po\u015bwi\u0119cone wsp\u00f3\u0142pracy w sytuacjach interwencyjnych z udzia\u0142em rysi. 16 kwietnia w Spychowie natomiast odby\u0142o si\u0119 spotkanie warsztatowe organizowane przez Fundacj\u0119 WWF Polska, dotycz\u0105ce zagro\u017ce\u0144 czyhaj\u0105cych na rysie w krajobrazie przekszta\u0142conym przez cz\u0142owieka. Oba wydarzenia zosta\u0142y zrealizowane ramach projektu LIFE \u201eRozszerzenie zasi\u0119gu populacji rysia w p\u00f3\u0142nocnej Polsce\u201d.<\/strong><\/p>\n\n\n\n<div id=\"section-g-s8f5oll\" class=\"wp-block-gutentor-e6 section-g-s8f5oll gutentor-element gutentor-element-image\"><div class=\"gutentor-element-image-box\"><div class=\"gutentor-image-thumb\"><img decoding=\"async\" class=\"normal-image\" src=\"https:\/\/rysie.org\/wp-content\/uploads\/2026\/04\/JAKA0117.jpg\" \/><\/div><\/div><\/div>\n\n\n\n<div id=\"section-g-8l9oknk\" class=\"wp-block-gutentor-e0 section-g-8l9oknk gutentor-element gutentor-element-advanced-text\"><div class=\"gutentor-text-wrap\"><p class=\"gutentor-text\">Dzika Zagroda w Jab\u0142onowie go\u015bci\u0142a przedstawicieli Policji, jednostek wojskowych oraz kolei IKZ Szczecin \u2013 s\u0142u\u017cb, kt\u00f3re w praktyce coraz cz\u0119\u015bciej maj\u0105 styczno\u015b\u0107 z sytuacjami wymagaj\u0105cymi szybkiej i skoordynowanej reakcji w kontek\u015bcie zdarze\u0144 drogowych i kolejowych z udzia\u0142em dzikich zwierz\u0105t.<\/p><\/div><\/div>\n\n\n\n<div id=\"section-g-v6e8h6i\" class=\"wp-block-gutentor-e6 section-g-v6e8h6i gutentor-element gutentor-element-image\"><div class=\"gutentor-element-image-box\"><div class=\"gutentor-image-thumb\"><img decoding=\"async\" class=\"normal-image\" src=\"https:\/\/rysie.org\/wp-content\/uploads\/2026\/04\/Rys_kwietniowe-warsztaty_header-1.jpg\" \/><\/div><\/div><\/div>\n\n\n\n<div id=\"section-g-eey5i0e\" class=\"wp-block-gutentor-e0 section-g-eey5i0e gutentor-element gutentor-element-advanced-text\"><div class=\"gutentor-text-wrap\"><p class=\"gutentor-text\">Program spotkania organizowanego przez ZTP obejmowa\u0142 zar\u00f3wno cz\u0119\u015b\u0107 przyrodnicz\u0105, jak i praktyczno-prawn\u0105. Uczestnicy mieli okazj\u0119 zapozna\u0107 si\u0119 z biologi\u0105 i zachowaniem rysia, co ma kluczowe znaczenie dla w\u0142a\u015bciwego reagowania w sytuacjach stresowych i potencjalnie niebezpiecznych \u2013 zar\u00f3wno dla ludzi, jak i zwierz\u0105t. Om\u00f3wiono najcz\u0119stsze typy interwencji, w tym przypadki kolizji komunikacyjnych oraz procedury post\u0119powania w takich sytuacjach.<\/p><\/div><\/div>\n\n\n\n<div id=\"section-g-vmoimx3\" class=\"wp-block-gutentor-e6 section-g-vmoimx3 gutentor-element gutentor-element-image\"><div class=\"gutentor-element-image-box\"><div class=\"gutentor-image-thumb\"><img decoding=\"async\" class=\"normal-image\" src=\"https:\/\/rysie.org\/wp-content\/uploads\/2026\/04\/Rys_kwietniowe-warsztaty_zdjecie3.jpg\" \/><\/div><\/div><\/div>\n\n\n\n<p>Istotnym elementem warsztat\u00f3w by\u0142a tak\u017ce cz\u0119\u015b\u0107 po\u015bwi\u0119cona aspektom prawnym \u2013 zakresowi kompetencji poszczeg\u00f3lnych s\u0142u\u017cb, obowi\u0105zuj\u0105cym przepisom oraz ich interpretacji w praktyce. Spotkanie sta\u0142o si\u0119 przestrzeni\u0105 do otwartej dyskusji, wymiany do\u015bwiadcze\u0144 i zadawania pyta\u0144, kt\u00f3re cz\u0119sto pojawiaj\u0105 si\u0119 podczas realnych interwencji. Uczestnicy mieli te\u017c okazj\u0119 zwiedzi\u0107 o\u015brodek rehabilitacyjny w Jab\u0142onowie, w kt\u00f3rym ZTP otacza opiek\u0105 zar\u00f3wno rysie, jak i \u017cubry.<\/p>\n\n\n\n<div id=\"section-g-7alilpl\" class=\"wp-block-gutentor-e6 section-g-7alilpl gutentor-element gutentor-element-image\"><div class=\"gutentor-element-image-box\"><div class=\"gutentor-image-thumb\"><img decoding=\"async\" class=\"normal-image\" src=\"https:\/\/rysie.org\/wp-content\/uploads\/2026\/04\/Rys_kwietniowe-warsztaty_zdjecie2.jpg\" \/><\/div><\/div><\/div>\n\n\n\n<div id=\"section-g-vvp0ysg\" class=\"wp-block-gutentor-e0 section-g-vvp0ysg gutentor-element gutentor-element-advanced-text\"><div class=\"gutentor-text-wrap\"><p class=\"gutentor-text\">Uzupe\u0142nieniem by\u0142y materia\u0142y filmowe i fotograficzne dokumentuj\u0105ce dotychczasowe dzia\u0142ania terenowe. Pokaza\u0142y one, jak wa\u017cn\u0105 rol\u0119 odgrywa sprawna komunikacja i szybki przep\u0142yw informacji \u2013 niejednokrotnie to w\u0142a\u015bnie dzi\u0119ki zg\u0142oszeniom i zaanga\u017cowaniu s\u0142u\u017cb uda\u0142o si\u0119 uratowa\u0107 \u017cycie zwierz\u0105t lub ograniczy\u0107 skutki zdarze\u0144.<br><br>Podczas spotkania przekazano r\u00f3wnie\u017c materia\u0142y informacyjne dotycz\u0105ce dzia\u0142alno\u015bci Pogotowia Interwencyjnego, prowadzonego przez ZTP, wraz z pro\u015bb\u0105 o ich udost\u0119pnienie w jednostkach uczestnicz\u0105cych w warsztatach.<\/p><\/div><\/div>\n\n\n\n<div id=\"section-g-zdlir0i\" class=\"wp-block-gutentor-e6 section-g-zdlir0i gutentor-element gutentor-element-image\"><div class=\"gutentor-element-image-box\"><div class=\"gutentor-image-thumb\"><img decoding=\"async\" class=\"normal-image\" src=\"https:\/\/rysie.org\/wp-content\/uploads\/2026\/04\/MA04804-2.jpg\" \/><\/div><\/div><\/div>\n\n\n\n<div id=\"section-g-7x76g7g\" class=\"wp-block-gutentor-e0 section-g-7x76g7g gutentor-element gutentor-element-advanced-text\"><div class=\"gutentor-text-wrap\"><p class=\"gutentor-text\">W Spychowie natomiast \u2013 gdzie Fundacja WWF Polska zgromadzi\u0142a naukowc\u00f3w, le\u015bnik\u00f3w, przedstawicieli park\u00f3w narodowych, policji, fotograf\u00f3w i dziennikarzy \u2013 wyst\u0105pienia i dyskusje warsztatowe dotyczy\u0142y r\u00f3\u017cnego rodzaju zagro\u017ce\u0144, kt\u00f3re wp\u0142ywaj\u0105 na kondycj\u0119 populacji rysi.<\/p><\/div><\/div>\n\n\n\n<div id=\"section-g-fx7ooxx\" class=\"wp-block-gutentor-e6 section-g-fx7ooxx gutentor-element gutentor-element-image\"><div class=\"gutentor-element-image-box\"><div class=\"gutentor-image-thumb\"><img decoding=\"async\" class=\"normal-image\" src=\"https:\/\/rysie.org\/wp-content\/uploads\/2026\/04\/Rys_kwietniowe-warsztaty_zdjecie4.jpg\" \/><\/div><\/div><\/div>\n\n\n\n<div id=\"section-g-tftllqj\" class=\"wp-block-gutentor-e0 section-g-tftllqj gutentor-element gutentor-element-advanced-text\"><div class=\"gutentor-text-wrap\"><p class=\"gutentor-text\">Stefan Jakimiuk z WWF Polska przedstawi\u0142 go\u015bciom \u015brodowiskowe i antropogeniczne uwarunkowania wyst\u0119powania rysi w p\u00f3\u0142nocnej Polsce. Prof. Jakub Borkowski z Uniwersytetu Warmi\u0144sko-Mazurskiego okre\u015bli\u0142\u00a0wp\u0142yw grodze\u0144 le\u015bnych, chroni\u0105cych przed zwierzyn\u0105,\u00a0na zachowania pokarmowe jeleniowatych i ich presj\u0119 na ekosystem le\u015bny. Z kolei Karol Kustusch z organizacji \u201eZwierz\u0119ta na drodze\u201d pokaza\u0142 dane z Og\u00f3lnopolskiego Rejestru Kolizji Drogowych ze Zwierz\u0119tami, dotycz\u0105ce oddzia\u0142ywania dr\u00f3g na dzikie zwierz\u0119ta, w tym na ich \u015bmiertelno\u015b\u0107. Statystykami dotycz\u0105cymi kolizji ze zwierz\u0119tami w wojew\u00f3dztwie warmi\u0144sko-mazurskim podzieli\u0142 si\u0119 r\u00f3wnie\u017c aspirant Szymon Sobiecki z Komendy Wojew\u00f3dzkiej Policji w Olsztynie. Niestety, z tych statystyk wynika, \u017ce kolizji i wypadk\u00f3w z udzia\u0142em zwierz\u0105t z roku na rok przybywa.<\/p><\/div><\/div>\n\n\n\n<div id=\"section-g-obsq3h7\" class=\"wp-block-gutentor-e6 section-g-obsq3h7 gutentor-element gutentor-element-image\"><div class=\"gutentor-element-image-box\"><div class=\"gutentor-image-thumb\"><img decoding=\"async\" class=\"normal-image\" src=\"https:\/\/rysie.org\/wp-content\/uploads\/2026\/04\/Rys_kwietniowe-warsztaty_zdjecie5.jpg\" \/><\/div><\/div><\/div>\n\n\n\n<p>Na terenie Nadle\u015bnictwa Spychowo, gdzie odbywa\u0142y si\u0119 warsztaty, w ramach trwaj\u0105cego projektu powsta\u0142 o\u015brodek rehabilitacyjny dla rysi. W\u0142a\u015bnie o roli takich miejsc, jak r\u00f3wnie\u017c o problemach zdrowotnych tego gatunku, opowiedzia\u0142 lek. wet. Roman Lizo\u0144, kt\u00f3ry na co dzie\u0144 wsp\u00f3\u0142pracuje z ZTP w Dzikiej Zagrodzie, prowadz\u0105c leczenie rysi i przeprowadzaj\u0105c sekcj\u0119 martwych osobnik\u00f3w. Prelegent om\u00f3wi\u0142 cz\u0119ste przyczyny \u015bmierci rysi &#8211; choroby, wypadki komunikacyjne, k\u0142usownictwo, zagryzienia czy wady genetyczne.<\/p>\n\n\n\n<div id=\"section-g-s9iw1pp\" class=\"wp-block-gutentor-e0 section-g-s9iw1pp gutentor-element gutentor-element-advanced-text\"><div class=\"gutentor-text-wrap\"><p class=\"gutentor-text\">Ostatnie wyst\u0105pienie spychowskich warsztat\u00f3w nale\u017ca\u0142o do profesora Krzysztofa Schmidta z Instytutu Biologii Ssak\u00f3w PAN, kt\u00f3ry m.in. przedstawi\u0142 przyczyny \u015bmiertelno\u015bci rysi w Polsce na tle innych kraj\u00f3w Europy. Co ciekawe, w skali Europy najpowa\u017cniejszym czynnikiem \u015bmiertelno\u015bci jest k\u0142usownictwo, a w Polsce to przyczyny naturalne, m.in. choroby takie jak \u015bwierzb<\/p><\/div><\/div>\n\n\n\n<div id=\"section-g-2ypicen\" class=\"wp-block-gutentor-e6 section-g-2ypicen gutentor-element gutentor-element-image\"><div class=\"gutentor-element-image-box\"><div class=\"gutentor-image-thumb\"><img decoding=\"async\" class=\"normal-image\" src=\"https:\/\/rysie.org\/wp-content\/uploads\/2026\/04\/Rys_kwietniowe-warsztaty_zdjecie6.jpg\" \/><\/div><\/div><\/div>\n\n\n\n<div id=\"section-g-r4s4a5y\" class=\"wp-block-gutentor-e0 section-g-r4s4a5y gutentor-element gutentor-element-advanced-text\"><div class=\"gutentor-text-wrap\"><p class=\"gutentor-text\">Warsztaty na Mazurach zwie\u0144czone zosta\u0142y wizyt\u0105 dla dziennikarzy w nowo powsta\u0142ym o\u015brodku rehabilitacji pod Spychowem oraz rozwieszaniem tabliczek informacyjno-ostrzegawczych na parkingach le\u015bnych. Te tabliczki, wyprodukowane w ramach trwaj\u0105cego projektu LIFE, maj\u0105 podnosi\u0107 \u015bwiadomo\u015b\u0107 lokalnej spo\u0142eczno\u015bci i kierowc\u00f3w o wyst\u0119powaniu, potrzebach i zagro\u017ceniach rysi w p\u00f3\u0142nocnej Polsce.<\/p><\/div><\/div>\n\n\n\n<div id=\"section-g-7ja78w1\" class=\"wp-block-gutentor-e0 section-g-7ja78w1 gutentor-element gutentor-element-advanced-text\"><div class=\"gutentor-text-wrap\"><p class=\"gutentor-text\">Zar\u00f3wno warsztaty w Jab\u0142onowie, jak i te w Spychowie przebieg\u0142y w atmosferze dialogu i determinacji do dalszego zacie\u015bniania wsp\u00f3\u0142pracy na rzecz podnoszenia bezpiecze\u0144stwa i skutecznego reagowania na zdarzenia z udzia\u0142em dzikich zwierz\u0105t. Wierzymy, \u017ce krok na prz\u00f3d w tym zakresie zostanie poczyniony ju\u017c w ramach trwaj\u0105cego projektu 101114131 \u2014 LIFE22-NAT-PL-LIFE LYNX PL LT DE \u201eRozszerzenie zasi\u0119gu populacji rysia w p\u00f3\u0142nocnej Polsce\u201d, kt\u00f3ry jest wsp\u00f3\u0142finansowany przez Uni\u0119 Europejsk\u0105 i Narodowy Fundusz Ochrony \u015arodowiska i Gospodarki Wodnej oraz Fundacj\u0119 WWF Polska.<\/p><\/div><\/div>\n\n\n\n<div id=\"section-g-d0871ck\" class=\"wp-block-gutentor-e6 section-g-d0871ck gutentor-element gutentor-element-image\"><div class=\"gutentor-element-image-box\"><div class=\"gutentor-image-thumb\"><img decoding=\"async\" class=\"normal-image\" src=\"https:\/\/rysie.org\/wp-content\/uploads\/2026\/04\/life-rys-belka-1.jpg\" \/><\/div><\/div><\/div>","protected":false},"excerpt":{"rendered":"<p>14 kwietnia 2026 roku Zachodniopomorskie Towarzystwo Przyrodnicze (ZTP) przeprowadzi\u0142o w Jab\u0142onowie warsztaty dla s\u0142u\u017cb mundurowych, po\u015bwi\u0119cone wsp\u00f3\u0142pracy w sytuacjach interwencyjnych z udzia\u0142em rysi. 16 kwietnia w Spychowie natomiast odby\u0142o si\u0119 spotkanie warsztatowe organizowane przez Fundacj\u0119 WWF Polska, dotycz\u0105ce zagro\u017ce\u0144 czyhaj\u0105cych na rysie w krajobrazie przekszta\u0142conym przez cz\u0142owieka. Oba wydarzenia zosta\u0142y zrealizowane ramach projektu LIFE \u201eRozszerzenie [&hellip;]<\/p>\n","protected":false},"author":2,"featured_media":0,"comment_status":"closed","ping_status":"open","sticky":false,"template":"","format":"standard","meta":{"_uag_custom_page_level_css":"","footnotes":""},"categories":[11],"tags":[],"class_list":["post-2589","post","type-post","status-publish","format-standard","hentry","category-artykuly"],"gutentor_comment":0,"pbg_featured_image_src":{"full":false,"thumbnail":false,"medium":false,"medium_large":false,"large":false,"1536x1536":false,"2048x2048":false,"trp-custom-language-flag":false},"pbg_author_info":{"display_name":"Roksana Bary\u0142o","author_link":"https:\/\/rysie.org\/en\/author\/roksana\/","author_img":"<img alt='Roksana Bary\u0142o' src='https:\/\/secure.gravatar.com\/avatar\/bc49c452f3b00375672e0405c0b35d3f?s=128&#038;d=mm&#038;r=g' srcset='https:\/\/secure.gravatar.com\/avatar\/bc49c452f3b00375672e0405c0b35d3f?s=256&#038;d=mm&#038;r=g 2x' class='avatar avatar-128 photo' height='128' width='128' loading='lazy' decoding='async'\/>"},"pbg_comment_info":" No Comments","pbg_excerpt":"14 kwietnia 2026 roku Zachodniopomorskie Towarzystwo Przyrodnicze (ZTP) przeprowadzi\u0142o w Jab\u0142onowie warsztaty dla s\u0142u\u017cb mundurowych, po\u015bwi\u0119cone wsp\u00f3\u0142pracy w sytuacjach interwencyjnych z udzia\u0142em rysi. 16 kwietnia w Spychowie natomiast odby\u0142o si\u0119 spotkanie warsztatowe organizowane przez Fundacj\u0119 WWF Polska, dotycz\u0105ce zagro\u017ce\u0144 czyhaj\u0105cych na rysie w krajobrazie przekszta\u0142conym przez cz\u0142owieka. Oba wydarzenia zosta\u0142y zrealizowane ramach projektu LIFE \u201eRozszerzenie&hellip;","uagb_featured_image_src":{"full":false,"thumbnail":false,"medium":false,"medium_large":false,"large":false,"1536x1536":false,"2048x2048":false,"trp-custom-language-flag":false},"uagb_author_info":{"display_name":"Roksana Bary\u0142o","author_link":"https:\/\/rysie.org\/en\/author\/roksana\/"},"uagb_comment_info":0,"uagb_excerpt":"14 kwietnia 2026 roku Zachodniopomorskie Towarzystwo Przyrodnicze (ZTP) przeprowadzi\u0142o w Jab\u0142onowie warsztaty dla s\u0142u\u017cb mundurowych, po\u015bwi\u0119cone wsp\u00f3\u0142pracy w sytuacjach interwencyjnych z udzia\u0142em rysi. 16 kwietnia w Spychowie natomiast odby\u0142o si\u0119 spotkanie warsztatowe organizowane przez Fundacj\u0119 WWF Polska, dotycz\u0105ce zagro\u017ce\u0144 czyhaj\u0105cych na rysie w krajobrazie przekszta\u0142conym przez cz\u0142owieka. Oba wydarzenia zosta\u0142y zrealizowane ramach projektu LIFE \u201eRozszerzenie&hellip;","_links":{"self":[{"href":"https:\/\/rysie.org\/en\/wp-json\/wp\/v2\/posts\/2589","targetHints":{"allow":["GET"]}}],"collection":[{"href":"https:\/\/rysie.org\/en\/wp-json\/wp\/v2\/posts"}],"about":[{"href":"https:\/\/rysie.org\/en\/wp-json\/wp\/v2\/types\/post"}],"author":[{"embeddable":true,"href":"https:\/\/rysie.org\/en\/wp-json\/wp\/v2\/users\/2"}],"replies":[{"embeddable":true,"href":"https:\/\/rysie.org\/en\/wp-json\/wp\/v2\/comments?post=2589"}],"version-history":[{"count":1,"href":"https:\/\/rysie.org\/en\/wp-json\/wp\/v2\/posts\/2589\/revisions"}],"predecessor-version":[{"id":2601,"href":"https:\/\/rysie.org\/en\/wp-json\/wp\/v2\/posts\/2589\/revisions\/2601"}],"wp:attachment":[{"href":"https:\/\/rysie.org\/en\/wp-json\/wp\/v2\/media?parent=2589"}],"wp:term":[{"taxonomy":"category","embeddable":true,"href":"https:\/\/rysie.org\/en\/wp-json\/wp\/v2\/categories?post=2589"},{"taxonomy":"post_tag","embeddable":true,"href":"https:\/\/rysie.org\/en\/wp-json\/wp\/v2\/tags?post=2589"}],"curies":[{"name":"wp","href":"https:\/\/api.w.org\/{rel}","templated":true}]}}